{"id":5975,"date":"2026-04-20T12:21:56","date_gmt":"2026-04-20T18:21:56","guid":{"rendered":"https:\/\/causaprobable.com\/?p=5975"},"modified":"2026-04-22T13:12:46","modified_gmt":"2026-04-22T19:12:46","slug":"tim-cook-dejara-de-ser-director-ejecutivo-de-apple","status":"publish","type":"post","link":"https:\/\/causaprobable.com\/index.php\/2026\/04\/20\/tim-cook-dejara-de-ser-director-ejecutivo-de-apple\/","title":{"rendered":"Tim Cook dejar\u00e1 de ser director ejecutivo de Apple"},"content":{"rendered":"\n<p>Se espera que el CEO de Apple, Tim Cook, abandone su cargo el pr\u00f3ximo 11 de septiembre y sea reemplazado por John Ternus<\/p>\n\n\n\n<p>La tecnol\u00f3gica Apple anunci\u00f3 este lunes que Tim Cook dejar\u00e1 de ser su director ejecutivo el pr\u00f3ximo septiembre, cuando ser\u00e1 reemplazado por John Ternus, vicepresidente s\u00e9nior de Ingenier\u00eda de Hardware.<\/p>\n\n\n\n<p>A partir del 1 de septiembre, Cook pasar\u00e1 a ser el presidente ejecutivo del consejo de administraci\u00f3n de Apple, seg\u00fan inform\u00f3 la compa\u00f1\u00eda en un comunicado.<\/p>\n\n\n\n<p>La empresa indic\u00f3 que la transici\u00f3n de Cook a Ternus ha sido aprobada por unanimidad por el consejo de administraci\u00f3n.<\/p>\n\n\n\n<p>\u201cHa sido el mayor privilegio de mi vida ser director ejecutivo de Apple y que se me haya confiado el liderazgo de una empresa tan extraordinaria. Amo a Apple con todo mi ser\u201d, escribi\u00f3 Cook, de 65 a\u00f1os, en el comunicado.<\/p>\n\n\n\n<p>El empresario subray\u00f3 que Ternus tiene \u201cla mente de un ingeniero, el alma de un innovador y el coraz\u00f3n para liderar con honor\u201d, y lo calific\u00f3 como un \u201cvisionario\u201d cuyas contribuciones a Apple \u201cya son demasiado numerosas para contarlas\u201d.<\/p>\n\n\n\n<p>Ternus, de 51 a\u00f1os, se uni\u00f3 al equipo de dise\u00f1o de productos de Apple en 2001 y pas\u00f3 a ocupar el cargo de vicepresidente de Ingenier\u00eda de Hardware en 2013.<\/p>\n\n\n\n<p>En 2021, fue nombrado vicepresidente s\u00e9nior de este departamento.<\/p>\n\n\n\n<p>Seg\u00fan la empresa, el pr\u00f3ximo CEO de Apple desempe\u00f1\u00f3 un papel \u201cfundamental\u201d en la introducci\u00f3n de productos como el iPad y los AirPods, as\u00ed como en m\u00faltiples generaciones de productos de iPhone, Mac y Apple Watch.<\/p>\n\n\n\n<p>En concreto, el trabajo de Ternus en Mac ha contribuido a que esta categor\u00eda \u201csea m\u00e1s potente y popular a nivel mundial que en cualquier otro momento de sus 40 a\u00f1os de historia\u201d.<\/p>\n\n\n\n<p>Durante su cargo como vicepresidente s\u00e9nior de Ingenier\u00eda de Hardware, la compa\u00f1\u00eda present\u00f3 el port\u00e1til MacBook Neo, as\u00ed como los iPhone 17 Pro y Pro Max, el iPhone Air y el iPhone 17.<\/p>\n\n\n\n<p>Adem\u00e1s, el estadounidense ha liderado gran parte de los esfuerzos de la empresa en \u00e1reas como la fiabilidad y la durabilidad y ha contribuido a impulsar la innovaci\u00f3n en el dise\u00f1o de materiales y hardware, reduciendo la huella de carbono de sus productos, se\u00f1al\u00f3 Apple.<\/p>\n\n\n\n<p>Antes de trabajar en la empresa de Cupertino, Ternus, licenciado en Ingenier\u00eda Mec\u00e1nica por la Universidad de Pensilvania, se desempe\u00f1\u00f3 como ingeniero mec\u00e1nico en Virtual Research Systems.<\/p>\n\n\n\n<p>Por su parte, Cook se uni\u00f3 a la tecnol\u00f3gica en 1998 y se convirti\u00f3 en su CEO en 2011, reemplazando al fallecido Steve Jobs.<\/p>\n\n\n\n<p>Durante su trayectoria como director ejecutivo, ha supervisado la introducci\u00f3n en el mercado de m\u00faltiples productos, entre ellos nuevas categor\u00edas de Apple Watch, AirPods o Apple Vision Pro, adem\u00e1s de servicios como iCloud, Apple Pay, Apple TV y Apple Music.<\/p>\n\n\n\n<p>Bajo su liderazgo, la compa\u00f1\u00eda ha pasado de tener una capitalizaci\u00f3n de unos 350 mil millones de d\u00f3lares a una de 4 billones, siendo ahora la tercera mayor cotizada del mundo.<\/p>\n","protected":false},"excerpt":{"rendered":"<p>Se espera que el CEO de Apple, Tim Cook, abandone su cargo el pr\u00f3ximo 11 de septiembre y sea reemplazado por John Ternus La tecnol\u00f3gica Apple anunci\u00f3 este lunes que Tim Cook dejar\u00e1 de ser su director ejecutivo el pr\u00f3ximo septiembre, cuando ser\u00e1 reemplazado por John Ternus, vicepresidente s\u00e9nior de Ingenier\u00eda de Hardware. A partir [&hellip;]<\/p>\n","protected":false},"author":1,"featured_media":5976,"comment_status":"open","ping_status":"closed","sticky":false,"template":"","format":"standard","meta":{"footnotes":""},"categories":[13],"tags":[],"class_list":["post-5975","post","type-post","status-publish","format-standard","has-post-thumbnail","hentry","category-tecnologia"],"_links":{"self":[{"href":"https:\/\/causaprobable.com\/index.php\/wp-json\/wp\/v2\/posts\/5975","targetHints":{"allow":["GET"]}}],"collection":[{"href":"https:\/\/causaprobable.com\/index.php\/wp-json\/wp\/v2\/posts"}],"about":[{"href":"https:\/\/causaprobable.com\/index.php\/wp-json\/wp\/v2\/types\/post"}],"author":[{"embeddable":true,"href":"https:\/\/causaprobable.com\/index.php\/wp-json\/wp\/v2\/users\/1"}],"replies":[{"embeddable":true,"href":"https:\/\/causaprobable.com\/index.php\/wp-json\/wp\/v2\/comments?post=5975"}],"version-history":[{"count":1,"href":"https:\/\/causaprobable.com\/index.php\/wp-json\/wp\/v2\/posts\/5975\/revisions"}],"predecessor-version":[{"id":5977,"href":"https:\/\/causaprobable.com\/index.php\/wp-json\/wp\/v2\/posts\/5975\/revisions\/5977"}],"wp:featuredmedia":[{"embeddable":true,"href":"https:\/\/causaprobable.com\/index.php\/wp-json\/wp\/v2\/media\/5976"}],"wp:attachment":[{"href":"https:\/\/causaprobable.com\/index.php\/wp-json\/wp\/v2\/media?parent=5975"}],"wp:term":[{"taxonomy":"category","embeddable":true,"href":"https:\/\/causaprobable.com\/index.php\/wp-json\/wp\/v2\/categories?post=5975"},{"taxonomy":"post_tag","embeddable":true,"href":"https:\/\/causaprobable.com\/index.php\/wp-json\/wp\/v2\/tags?post=5975"}],"curies":[{"name":"wp","href":"https:\/\/api.w.org\/{rel}","templated":true}]}}